{"id":1236,"date":"2009-10-30T08:41:58","date_gmt":"2009-10-30T07:41:58","guid":{"rendered":"https:\/\/www.veiss.com\/blog\/?p=1236"},"modified":"2020-10-23T11:01:13","modified_gmt":"2020-10-23T09:01:13","slug":"premios-diariovasco-com-a-la-mejor-web-guipuzcoana-2009","status":"publish","type":"post","link":"https:\/\/www.veiss.com\/blog\/premios-diariovasco-com-a-la-mejor-web-guipuzcoana-2009\/","title":{"rendered":"Premios Diariovasco.com a la Mejor Web Guipuzcoana 2009"},"content":{"rendered":"<p style=\"text-align: left;\">La <a href=\"http:\/\/premios.diariovasco.com\" target=\"_self\" rel=\"noopener noreferrer\"><strong>cuarta edici\u00f3n de los Premios Diariovasco.com Sariak<\/strong><\/a> ha publicado la lista de finalistas con los candidatos de este a\u00f1o <strong>2009<\/strong>.<\/p>\n<p style=\"text-align: left;\">Se otorgar\u00e1 un premio por cada una de las categor\u00edas establecidas: <strong>Mejor Web de Empresa<\/strong>, <strong>Mejor Web Institucional<\/strong>, <strong>Mejor Web 2.0<\/strong>, <strong>Mejor Blog<\/strong> y <strong>Mejor Campa\u00f1a de Publicidad Online<\/strong>.<\/p>\n<p style=\"text-align: left;\">La web de <strong>Fagor Muebles<\/strong>, dise\u00f1ada y desarrollada por <a href=\"https:\/\/www.veiss.com\" target=\"_self\" rel=\"noopener noreferrer\"><strong>Veiss Comunicaci\u00f3n<\/strong><\/a>, ha sido seleccionada como finalista\u00a0 para optar al premio Mejor Web de Empresa. Compite en esta categor\u00eda con Air Control y Sidrer\u00edas.<\/p>\n<p style=\"text-align: left;\"><img decoding=\"async\" loading=\"lazy\" class=\"alignnone wp-image-1241 size-medium\" style=\"border: 1px solid white;\" title=\"fagormueble_finalista_premios_diariovasco\" src=\"https:\/\/www.veiss.com\/blog\/wp-content\/uploads\/2009\/10\/fagormueble_finalista_premios_diariovasco-300x203.jpg\" alt=\"fagormueble_finalista_premios_diariovasco\" width=\"300\" height=\"203\" srcset=\"https:\/\/www.veiss.com\/blog\/wp-content\/uploads\/2009\/10\/fagormueble_finalista_premios_diariovasco-300x203.jpg 300w, https:\/\/www.veiss.com\/blog\/wp-content\/uploads\/2009\/10\/fagormueble_finalista_premios_diariovasco-1024x695.jpg 1024w, https:\/\/www.veiss.com\/blog\/wp-content\/uploads\/2009\/10\/fagormueble_finalista_premios_diariovasco.jpg 1263w\" sizes=\"(max-width: 300px) 100vw, 300px\" \/> <img decoding=\"async\" loading=\"lazy\" class=\"alignnone wp-image-1275 size-medium\" style=\"border: 1px solid white;\" title=\"fagormueble_cocina_personalizada\" src=\"https:\/\/www.veiss.com\/blog\/wp-content\/uploads\/2009\/10\/fagormueble_cocina_personalizada1-300x203.jpg\" alt=\"fagormueble_cocina_personalizada\" width=\"300\" height=\"203\" srcset=\"https:\/\/www.veiss.com\/blog\/wp-content\/uploads\/2009\/10\/fagormueble_cocina_personalizada1-300x203.jpg 300w, https:\/\/www.veiss.com\/blog\/wp-content\/uploads\/2009\/10\/fagormueble_cocina_personalizada1-1024x694.jpg 1024w, https:\/\/www.veiss.com\/blog\/wp-content\/uploads\/2009\/10\/fagormueble_cocina_personalizada1.jpg 1264w\" sizes=\"(max-width: 300px) 100vw, 300px\" \/><\/p>\n<p style=\"text-align: left;\">Los ganadores se dar\u00e1n a conocer el pr\u00f3ximo <strong>13 de noviembre<\/strong>. Hasta entonces&#8230; a votar por tu web preferida!<\/p>\n","protected":false},"excerpt":{"rendered":"<p>La cuarta edici\u00f3n de los Premios Diariovasco.com Sariak ha publicado la lista de finalistas con los candidatos de este a\u00f1o 2009. Se otorgar\u00e1 un premio por cada una de las categor\u00edas establecidas: Mejor Web de Empresa, Mejor Web Institucional, Mejor Web 2.0, Mejor Blog y Mejor Campa\u00f1a de Publicidad Online. La web de Fagor Muebles, [&hellip;]<\/p>\n","protected":false},"author":4,"featured_media":0,"comment_status":"open","ping_status":"open","sticky":false,"template":"","format":"standard","meta":[],"categories":[5,1,540,8,343],"tags":[364,1214,365,143,367,366,186],"_links":{"self":[{"href":"https:\/\/www.veiss.com\/blog\/wp-json\/wp\/v2\/posts\/1236"}],"collection":[{"href":"https:\/\/www.veiss.com\/blog\/wp-json\/wp\/v2\/posts"}],"about":[{"href":"https:\/\/www.veiss.com\/blog\/wp-json\/wp\/v2\/types\/post"}],"author":[{"embeddable":true,"href":"https:\/\/www.veiss.com\/blog\/wp-json\/wp\/v2\/users\/4"}],"replies":[{"embeddable":true,"href":"https:\/\/www.veiss.com\/blog\/wp-json\/wp\/v2\/comments?post=1236"}],"version-history":[{"count":44,"href":"https:\/\/www.veiss.com\/blog\/wp-json\/wp\/v2\/posts\/1236\/revisions"}],"predecessor-version":[{"id":12578,"href":"https:\/\/www.veiss.com\/blog\/wp-json\/wp\/v2\/posts\/1236\/revisions\/12578"}],"wp:attachment":[{"href":"https:\/\/www.veiss.com\/blog\/wp-json\/wp\/v2\/media?parent=1236"}],"wp:term":[{"taxonomy":"category","embeddable":true,"href":"https:\/\/www.veiss.com\/blog\/wp-json\/wp\/v2\/categories?post=1236"},{"taxonomy":"post_tag","embeddable":true,"href":"https:\/\/www.veiss.com\/blog\/wp-json\/wp\/v2\/tags?post=1236"}],"curies":[{"name":"wp","href":"https:\/\/api.w.org\/{rel}","templated":true}]}}