{"id":136,"date":"2008-09-19T13:22:50","date_gmt":"2008-09-19T13:22:50","guid":{"rendered":"http:\/\/veiss.wordpress.com\/?p=136"},"modified":"2008-09-19T13:22:50","modified_gmt":"2008-09-19T13:22:50","slug":"dia-de-la-libertad-de-software-en-bilbao","status":"publish","type":"post","link":"https:\/\/www.veiss.com\/blog\/dia-de-la-libertad-de-software-en-bilbao\/","title":{"rendered":"D\u00eda de la Libertad de Software en Bilbao"},"content":{"rendered":"<p>Este s\u00e1bado, 20 de septiembre, se celebra a nivel mundial y como todos los a\u00f1os desde el 2004, el <a href=\"http:\/\/www.softwarefreedomday.org\/\" target=\"_self\"><strong>D\u00eda de la Libertad de Software<\/strong><\/a> (Software Freedom Day).<\/p>\n<p>Uno de los lugares que se suma a la cita es la ciudad de <strong>Bilbao<\/strong> donde ya est\u00e1 organizada una rueda de prensa, lectura de manifiesto y recogida de firmas a todas aquellas personas, empresas e instituciones que deseen unirse a la apuesta por el software libre.<\/p>\n<p>Los organizadores promueven la defensa de los est\u00e1ndares abiertos y pretenden implicar al <a href=\"http:\/\/www.euskadi.net\/r33-2220\/es\" target=\"_self\"><strong>Gobierno Vasco<\/strong><\/a> y las Administraciones p\u00fablicas de la <strong>Comunidad Aut\u00f3noma Vasca (CAV)<\/strong> en este tipo de iniciativas en pro del <em>open source<\/em>.<\/p>\n<p>Pod\u00e9is ver la <a href=\"http:\/\/www.queremossoftwarelibre.org\/bitartekoak\/prentsa-oharra.pdf\" target=\"_self\">convocatoria, leer el manifiesto y firmar<\/a>. Tambi\u00e9n os dejo el <a href=\"http:\/\/softwarefreedomday.wordpress.com\/\" target=\"_self\">blog no oficial del evento<\/a> en espa\u00f1ol.<\/p>\n","protected":false},"excerpt":{"rendered":"<p>Este s\u00e1bado, 20 de septiembre, se celebra a nivel mundial y como todos los a\u00f1os desde el 2004, el D\u00eda de la Libertad de Software (Software Freedom Day). Uno de los lugares que se suma a la cita es la ciudad de Bilbao donde ya est\u00e1 organizada una rueda de prensa, lectura de manifiesto y [&hellip;]<\/p>\n","protected":false},"author":4,"featured_media":0,"comment_status":"open","ping_status":"open","sticky":false,"template":"","format":"standard","meta":[],"categories":[1],"tags":[130,167],"_links":{"self":[{"href":"https:\/\/www.veiss.com\/blog\/wp-json\/wp\/v2\/posts\/136"}],"collection":[{"href":"https:\/\/www.veiss.com\/blog\/wp-json\/wp\/v2\/posts"}],"about":[{"href":"https:\/\/www.veiss.com\/blog\/wp-json\/wp\/v2\/types\/post"}],"author":[{"embeddable":true,"href":"https:\/\/www.veiss.com\/blog\/wp-json\/wp\/v2\/users\/4"}],"replies":[{"embeddable":true,"href":"https:\/\/www.veiss.com\/blog\/wp-json\/wp\/v2\/comments?post=136"}],"version-history":[{"count":0,"href":"https:\/\/www.veiss.com\/blog\/wp-json\/wp\/v2\/posts\/136\/revisions"}],"wp:attachment":[{"href":"https:\/\/www.veiss.com\/blog\/wp-json\/wp\/v2\/media?parent=136"}],"wp:term":[{"taxonomy":"category","embeddable":true,"href":"https:\/\/www.veiss.com\/blog\/wp-json\/wp\/v2\/categories?post=136"},{"taxonomy":"post_tag","embeddable":true,"href":"https:\/\/www.veiss.com\/blog\/wp-json\/wp\/v2\/tags?post=136"}],"curies":[{"name":"wp","href":"https:\/\/api.w.org\/{rel}","templated":true}]}}