{"id":152,"date":"2008-09-26T11:19:12","date_gmt":"2008-09-26T11:19:12","guid":{"rendered":"http:\/\/veiss.wordpress.com\/?p=152"},"modified":"2020-03-12T17:19:28","modified_gmt":"2020-03-12T16:19:28","slug":"lawrence-lessig-visita-el-parque-tecnologico-de-alava","status":"publish","type":"post","link":"https:\/\/www.veiss.com\/blog\/lawrence-lessig-visita-el-parque-tecnologico-de-alava\/","title":{"rendered":"Lawrence Lessig visita el Parque Tecnol\u00f3gico de \u00c1lava"},"content":{"rendered":"<p>El viernes 17 de octubre <a href=\"http:\/\/www.euskadinnova.net\" target=\"_self\" rel=\"noopener noreferrer\"><strong>Araba Enpresa Digitala<\/strong><\/a> organiza en el <strong>Parque tecnol\u00f3gico de \u00c1lava (Mi\u00f1ano)<\/strong> una conferencia de una de las personalidades m\u00e1s destacadas del mundo de internet: <strong>Lawrence Lessig<\/strong>.<\/p>\n<p>Este abogado y profesor de Derecho en la Universidad de Stanford, est\u00e1 especializado en Derecho inform\u00e1tico y, m\u00e1s concretamente, en el campo&nbsp; del <strong>copyright<\/strong>. Es el fundador del <a href=\"http:\/\/cyberlaw.stanford.edu\/\"><strong>Centro para Internet y la Sociedad (CIS)<\/strong><\/a> de dicha Universidad, que forma parte del Programa Ley, Ciencia y Tecnolog\u00eda del \u00e1rea legislativa.<\/p>\n<p>Lessig ha recibido numerosos premios, como el <strong>FSF Award for the Advancement of Free Software<\/strong> de la <a href=\"http:\/\/www.fsf.org\/\"><strong>Free Software Foundation (FSF)<\/strong><\/a> en el 2002, y ha sido elegido entre los 50 cient\u00edficos m\u00e1s visionarios de Am\u00e9rica por la <a href=\"http:\/\/www.sciam.com\/article.cfm?id=the-scientific-american-5-2002-11-11\"><strong>Scientific American Award<\/strong><\/a> gracias a sus aportaciones en el campo de los derechos de autor.<\/p>\n<div>\n<div>Es el creador del proyecto <a href=\"http:\/\/es.creativecommons.org\/\"><strong>Creative Commons<\/strong><\/a>, totalmente consolidado y extendido en la actualidad como sistema de licencias para la publicaci\u00f3n de contenido docente adaptadas a la legislaci\u00f3n sobre propiedad intelectual. <strong><a href=\"http:\/\/creativecommons.org\/\">Creative Commons<\/a><\/strong> es una corporaci\u00f3n americana sin \u00e1nimo de lucro.<\/div>\n<\/div>\n<p>Entre sus extensos logros figura la publicaci\u00f3n del libro <a href=\"http:\/\/www.free-culture.cc\/\"><strong><em>Cultura libre<\/em><\/strong><\/a> donde desarrolla y expone su idea del copyleft como alternativa a las limitaciones que imponen los derechos de autor para la difusi\u00f3n de material cultural y creativo en internet.<\/p>\n<p>Si te interesa acudir tan s\u00f3lo tienes que <a href=\"http:\/\/www.enpresadigitala.net\" target=\"_self\" rel=\"noopener noreferrer\">inscribirte<\/a>.<\/p>\n","protected":false},"excerpt":{"rendered":"<p>El viernes 17 de octubre Araba Enpresa Digitala organiza en el Parque tecnol\u00f3gico de \u00c1lava (Mi\u00f1ano) una conferencia de una de las personalidades m\u00e1s destacadas del mundo de internet: Lawrence Lessig. Este abogado y profesor de Derecho en la Universidad de Stanford, est\u00e1 especializado en Derecho inform\u00e1tico y, m\u00e1s concretamente, en el campo&nbsp; del copyright. [&hellip;]<\/p>\n","protected":false},"author":4,"featured_media":0,"comment_status":"open","ping_status":"open","sticky":false,"template":"","format":"standard","meta":[],"categories":[1],"tags":[45,46,49,106,130,167],"_links":{"self":[{"href":"https:\/\/www.veiss.com\/blog\/wp-json\/wp\/v2\/posts\/152"}],"collection":[{"href":"https:\/\/www.veiss.com\/blog\/wp-json\/wp\/v2\/posts"}],"about":[{"href":"https:\/\/www.veiss.com\/blog\/wp-json\/wp\/v2\/types\/post"}],"author":[{"embeddable":true,"href":"https:\/\/www.veiss.com\/blog\/wp-json\/wp\/v2\/users\/4"}],"replies":[{"embeddable":true,"href":"https:\/\/www.veiss.com\/blog\/wp-json\/wp\/v2\/comments?post=152"}],"version-history":[{"count":5,"href":"https:\/\/www.veiss.com\/blog\/wp-json\/wp\/v2\/posts\/152\/revisions"}],"predecessor-version":[{"id":12505,"href":"https:\/\/www.veiss.com\/blog\/wp-json\/wp\/v2\/posts\/152\/revisions\/12505"}],"wp:attachment":[{"href":"https:\/\/www.veiss.com\/blog\/wp-json\/wp\/v2\/media?parent=152"}],"wp:term":[{"taxonomy":"category","embeddable":true,"href":"https:\/\/www.veiss.com\/blog\/wp-json\/wp\/v2\/categories?post=152"},{"taxonomy":"post_tag","embeddable":true,"href":"https:\/\/www.veiss.com\/blog\/wp-json\/wp\/v2\/tags?post=152"}],"curies":[{"name":"wp","href":"https:\/\/api.w.org\/{rel}","templated":true}]}}