{"id":37,"date":"2008-06-27T12:49:18","date_gmt":"2008-06-27T12:49:18","guid":{"rendered":"http:\/\/veiss.wordpress.com\/?p=37"},"modified":"2018-06-25T09:41:30","modified_gmt":"2018-06-25T07:41:30","slug":"internet-en-las-aulas","status":"publish","type":"post","link":"https:\/\/www.veiss.com\/blog\/internet-en-las-aulas\/","title":{"rendered":"Internet en las aulas"},"content":{"rendered":"<p>El <strong>Congreso Nacional Internet en el Aula<\/strong>, organizado por el <a href=\"http:\/\/www.mityc.es\" target=\"_self\"><strong>Ministerio de Industria, Turismo y Comercio<\/strong><\/a>, a trav\u00e9s de <a href=\"http:\/\/www.red.es\" target=\"_self\"><strong>red.es<\/strong><\/a> y el <a href=\"http:\/\/www.mepsyd.es\" target=\"_self\"><strong>Ministerio de Educaci\u00f3n, Pol\u00edtica Social y Deporte<\/strong><\/a>, as\u00ed como las Consejer\u00edas de Educaci\u00f3n de las Comunidades Aut\u00f3nomas, pretende favorecer el uso de las TIC en el \u00e1mbito educativo.<\/p>\n<p>El programa del Congreso ofrece una parte <strong>virtual <\/strong>(del 1 de abril al 30 de octubre) y otra <strong>presencial<\/strong>, que precisamente tiene lugar estos d\u00edas, <strong>del 26 al 28 de junio <\/strong>en cuatro ciudades simult\u00e1neamente (Madrid, Barcelona, Cantabria y Granada).<\/p>\n<p>Se trata de implementar sistemas de gesti\u00f3n avanzados a trav\u00e9s de las TIC en los centros, as\u00ed como de concienciar a la comunidad docente acerca de los servicios y herramientas que est\u00e1n a su disposici\u00f3n y son (o deber\u00edan ser) de obligado conocimiento por su parte. Por ah\u00ed van las <strong>l\u00edneas tem\u00e1ticas<\/strong> del Congreso.<\/p>\n<p>El profesor como dinamizador de la <strong>Sociedad de la Informaci\u00f3n y el Conocimiento (SIC)<\/strong>. Algo importante, lo creo sin ninguna duda. En primer lugar, hay que pensar por un momento en el cambio que supone tanto a nivel t\u00e9cnico y de infraestructura como a nivel pedag\u00f3gico, la introducci\u00f3n de este tipo de aplicaciones en el sector de la educaci\u00f3n. Y en segundo lugar, el cambio de mentalidad y la voluntad que se necesita por parte de los actores. Sin voluntad no hay cambio. Sin acci\u00f3n no hay reacci\u00f3n.<\/p>\n<p>Por ahora, los n\u00fameros no son nada desde\u00f1ables:m\u00e1s de 5.000 educadores que est\u00e1n acudiendo este fin de semana al Congreso, y m\u00e1s de 127.000 visitas y 850.000 p\u00e1ginas vistas en su web. Pero que no se quede solo en n\u00fameros y en palabras.<\/p>\n","protected":false},"excerpt":{"rendered":"<p>El Congreso Nacional Internet en el Aula, organizado por el Ministerio de Industria, Turismo y Comercio, a trav\u00e9s de red.es y el Ministerio de Educaci\u00f3n, Pol\u00edtica Social y Deporte, as\u00ed como las Consejer\u00edas de Educaci\u00f3n de las Comunidades Aut\u00f3nomas, pretende favorecer el uso de las TIC en el \u00e1mbito educativo. El programa del Congreso ofrece [&hellip;]<\/p>\n","protected":false},"author":4,"featured_media":0,"comment_status":"open","ping_status":"open","sticky":false,"template":"","format":"standard","meta":[],"categories":[1],"tags":[63,161,177],"_links":{"self":[{"href":"https:\/\/www.veiss.com\/blog\/wp-json\/wp\/v2\/posts\/37"}],"collection":[{"href":"https:\/\/www.veiss.com\/blog\/wp-json\/wp\/v2\/posts"}],"about":[{"href":"https:\/\/www.veiss.com\/blog\/wp-json\/wp\/v2\/types\/post"}],"author":[{"embeddable":true,"href":"https:\/\/www.veiss.com\/blog\/wp-json\/wp\/v2\/users\/4"}],"replies":[{"embeddable":true,"href":"https:\/\/www.veiss.com\/blog\/wp-json\/wp\/v2\/comments?post=37"}],"version-history":[{"count":2,"href":"https:\/\/www.veiss.com\/blog\/wp-json\/wp\/v2\/posts\/37\/revisions"}],"predecessor-version":[{"id":11742,"href":"https:\/\/www.veiss.com\/blog\/wp-json\/wp\/v2\/posts\/37\/revisions\/11742"}],"wp:attachment":[{"href":"https:\/\/www.veiss.com\/blog\/wp-json\/wp\/v2\/media?parent=37"}],"wp:term":[{"taxonomy":"category","embeddable":true,"href":"https:\/\/www.veiss.com\/blog\/wp-json\/wp\/v2\/categories?post=37"},{"taxonomy":"post_tag","embeddable":true,"href":"https:\/\/www.veiss.com\/blog\/wp-json\/wp\/v2\/tags?post=37"}],"curies":[{"name":"wp","href":"https:\/\/api.w.org\/{rel}","templated":true}]}}