{"id":6987,"date":"2011-11-16T12:38:03","date_gmt":"2011-11-16T11:38:03","guid":{"rendered":"https:\/\/www.veiss.com\/blog\/?p=6987"},"modified":"2019-09-20T08:34:34","modified_gmt":"2019-09-20T06:34:34","slug":"twitter-realiza-cambios-e-incluye-nuevas-funciones","status":"publish","type":"post","link":"https:\/\/www.veiss.com\/blog\/twitter-realiza-cambios-e-incluye-nuevas-funciones\/","title":{"rendered":"Twitter realiza cambios e incluye nuevas funciones."},"content":{"rendered":"<p style=\"text-align: justify;\"><a title=\"P\u00e1gina de Twitter.\" href=\"http:\/\/www.twitter.com\" target=\"_blank\" rel=\"noopener noreferrer\">Twitter <\/a>ampli\u00f3 ayer sus funciones a\u00f1adiendo la<strong> pesta\u00f1a Actividad<\/strong> y realizando cambios en el apartado de <strong>las Menciones.<\/strong><\/p>\n<p style=\"text-align: justify;\"><strong>La Pesta\u00f1a Actividad.<\/strong><\/p>\n<p style=\"text-align: justify;\">La Pesta\u00f1a Actividad ofrece informaci\u00f3n detallada sobre las interacciones de otros usuarios a los que seguimos. Podemos ver a qui\u00e9n han comenzado a seguir, a qui\u00e9n han marcado como favorito, qu\u00e9 listas han creado etc.<\/p>\n<p style=\"text-align: justify;\">Con esta funci\u00f3n Twitter se hace <strong>m\u00e1s social<\/strong> y se acerca un poco m\u00e1s a Facebook.<\/p>\n<p style=\"text-align: center;\">\n<p style=\"text-align: justify;\"><strong>El apartado Menciones.<\/strong><\/p>\n<p style=\"text-align: justify;\">El apartado de las Menciones ha cambiado, en primer lugar <strong>ha pasado a llamarse @usuario<\/strong> y al pinchar podemos leer: <em>Menciones y m\u00e1s<\/em>. Pero, adem\u00e1s, <strong>ofrece m\u00e1s informaci\u00f3n que antes<\/strong>, ya que no s\u00f3lo nos muestra las menciones. Ahora podemos ver desde aqu\u00ed:<\/p>\n<ul style=\"text-align: justify;\">\n<li>Los <strong>retweets<\/strong>.<\/li>\n<li>Las personas que <strong>han comenzado a seguirte.<\/strong><\/li>\n<li>Si alguien marca uno de <strong>tus tweets como favortito.<\/strong><\/li>\n<li>Si alguien <strong>te incluye en una lista.<\/strong><\/li>\n<li><strong>Las&nbsp;<strong>menciones<\/strong>.<br \/>\n<\/strong><\/li>\n<\/ul>\n<p style=\"text-align: center;\"><strong><img decoding=\"async\" loading=\"lazy\" class=\"aligncenter wp-image-6990 size-large\" style=\"border: 2px solid white;\" title=\"Twitter: Cambios Pesta\u00f1a Menciones.\" src=\"https:\/\/www.veiss.com\/blog\/wp-content\/uploads\/2011\/11\/@veiss-534x400.jpg\" alt=\"Cuenta de Twitter\" width=\"534\" height=\"400\" srcset=\"https:\/\/www.veiss.com\/blog\/wp-content\/uploads\/2011\/11\/@veiss-534x400.jpg 534w, https:\/\/www.veiss.com\/blog\/wp-content\/uploads\/2011\/11\/@veiss-267x200.jpg 267w, https:\/\/www.veiss.com\/blog\/wp-content\/uploads\/2011\/11\/@veiss.jpg 1198w\" sizes=\"(max-width: 534px) 100vw, 534px\" \/><\/strong><\/p>\n<p style=\"text-align: justify;\">Si no quieres ver toda esta informaci\u00f3n, puedes pinchar en la parte superior derecha en <strong>\u2018Mostrar solo menciones\u2019<\/strong> para <strong>volver a la versi\u00f3n anterior,<\/strong> en la que s\u00f3lo ve\u00edas las menciones que otros usuarios te hab\u00edan hecho.<\/p>\n<p style=\"text-align: center;\"><img decoding=\"async\" loading=\"lazy\" class=\"aligncenter wp-image-6992 size-large\" style=\"border: 2px solid white;\" title=\"Twitter: Apartado Menciones.\" src=\"https:\/\/www.veiss.com\/blog\/wp-content\/uploads\/2011\/11\/menciones-587x400.jpg\" alt=\"Cuenta de Veiss Twitter\" width=\"587\" height=\"400\" srcset=\"https:\/\/www.veiss.com\/blog\/wp-content\/uploads\/2011\/11\/menciones-587x400.jpg 587w, https:\/\/www.veiss.com\/blog\/wp-content\/uploads\/2011\/11\/menciones-293x200.jpg 293w, https:\/\/www.veiss.com\/blog\/wp-content\/uploads\/2011\/11\/menciones.jpg 1169w\" sizes=\"(max-width: 587px) 100vw, 587px\" \/><\/p>\n<p style=\"text-align: justify;\">Con estos cambios ha llegado la discordia entre los que est\u00e1n a favor y los que lo ven como un cambio innecesario o incluso como un mal cambio, puedes ver todas las opiniones a trav\u00e9s del Hastag <strong>#Pesta\u00f1aActividad.<\/strong><\/p>\n<p style=\"text-align: justify;\">Twitter explic\u00f3 en su <a title=\"Blog de Twitter.\" href=\"http:\/\/blog.es.twitter.com\/\" target=\"_blank\" rel=\"noopener noreferrer\">Blog <\/a>que con estos cambios s\u00f3lo pretenden <strong>mejorar la usabilidad y facilitar el control<\/strong> del contenido que compartimos.<\/p>\n","protected":false},"excerpt":{"rendered":"<p>Twitter ampli\u00f3 ayer sus funciones a\u00f1adiendo la pesta\u00f1a Actividad y realizando cambios en el apartado de las Menciones. La Pesta\u00f1a Actividad. La Pesta\u00f1a Actividad ofrece informaci\u00f3n detallada sobre las interacciones de otros usuarios a los que seguimos. Podemos ver a qui\u00e9n han comenzado a seguir, a qui\u00e9n han marcado como favorito, qu\u00e9 listas han creado [&hellip;]<\/p>\n","protected":false},"author":12,"featured_media":0,"comment_status":"open","ping_status":"open","sticky":false,"template":"","format":"standard","meta":[],"categories":[1,7,153],"tags":[1217,490,229,307],"_links":{"self":[{"href":"https:\/\/www.veiss.com\/blog\/wp-json\/wp\/v2\/posts\/6987"}],"collection":[{"href":"https:\/\/www.veiss.com\/blog\/wp-json\/wp\/v2\/posts"}],"about":[{"href":"https:\/\/www.veiss.com\/blog\/wp-json\/wp\/v2\/types\/post"}],"author":[{"embeddable":true,"href":"https:\/\/www.veiss.com\/blog\/wp-json\/wp\/v2\/users\/12"}],"replies":[{"embeddable":true,"href":"https:\/\/www.veiss.com\/blog\/wp-json\/wp\/v2\/comments?post=6987"}],"version-history":[{"count":24,"href":"https:\/\/www.veiss.com\/blog\/wp-json\/wp\/v2\/posts\/6987\/revisions"}],"predecessor-version":[{"id":12386,"href":"https:\/\/www.veiss.com\/blog\/wp-json\/wp\/v2\/posts\/6987\/revisions\/12386"}],"wp:attachment":[{"href":"https:\/\/www.veiss.com\/blog\/wp-json\/wp\/v2\/media?parent=6987"}],"wp:term":[{"taxonomy":"category","embeddable":true,"href":"https:\/\/www.veiss.com\/blog\/wp-json\/wp\/v2\/categories?post=6987"},{"taxonomy":"post_tag","embeddable":true,"href":"https:\/\/www.veiss.com\/blog\/wp-json\/wp\/v2\/tags?post=6987"}],"curies":[{"name":"wp","href":"https:\/\/api.w.org\/{rel}","templated":true}]}}